{"id":6258,"date":"2025-09-23T14:12:24","date_gmt":"2025-09-23T14:12:24","guid":{"rendered":"https:\/\/gpi-schwarte.com\/steven-sijperda-appointed-ceo-of-gpi-group\/"},"modified":"2025-10-08T11:38:30","modified_gmt":"2025-10-08T11:38:30","slug":"steven-sijperda-zum-ceo-der-gpi-group-ernannt","status":"publish","type":"post","link":"https:\/\/gpi-schwarte.com\/de\/news\/steven-sijperda-zum-ceo-der-gpi-group-ernannt\/","title":{"rendered":"Steven Sijperda zum CEO der Gpi Group ernannt\u00a0"},"content":{"rendered":"\t\t<div data-elementor-type=\"wp-post\" data-elementor-id=\"6258\" class=\"elementor elementor-6258\" data-elementor-post-type=\"post\">\n\t\t\t\t<div class=\"elementor-element elementor-element-77686d74 e-flex e-con-boxed e-con e-parent\" data-id=\"77686d74\" data-element_type=\"container\">\n\t\t\t\t\t<div class=\"e-con-inner\">\n\t\t\t\t<div class=\"elementor-element elementor-element-479d2e30 elementor-widget elementor-widget-text-editor\" data-id=\"479d2e30\" data-element_type=\"widget\" data-widget_type=\"text-editor.default\">\n\t\t\t\t\t\t\t\t\t<p><span class=\"TextRun SCXW112098670 BCX8\" lang=\"DE-DE\" xml:lang=\"DE-DE\" data-contrast=\"auto\"><span class=\"NormalTextRun SCXW112098670 BCX8\">Mit Wirkung zum 1. Januar 2025 wurde Steven <\/span><span class=\"NormalTextRun SpellingErrorV2Themed SCXW112098670 BCX8\">Sijperda<\/span><span class=\"NormalTextRun SCXW112098670 BCX8\"> zum neuen CEO der <\/span><span class=\"NormalTextRun SpellingErrorV2Themed SCXW112098670 BCX8\">Gpi<\/span><span class=\"NormalTextRun SCXW112098670 BCX8\"> Group B.V. ernannt. Mit seiner Erfahrung innerhalb von <\/span><span class=\"NormalTextRun SpellingErrorV2Themed SCXW112098670 BCX8\">Gpi<\/span><span class=\"NormalTextRun SCXW112098670 BCX8\"> und seiner bew\u00e4hrten F\u00fchrungsst\u00e4rke in der Organisation tritt er die Nachfolge von Fred Boere und Arno <\/span><span class=\"NormalTextRun SpellingErrorV2Themed SCXW112098670 BCX8\">Rodenburg<\/span><span class=\"NormalTextRun SCXW112098670 BCX8\"> an, die ihre operativen Verantwortlichkeiten abgeben und der Gruppe weiterhin als nicht-exekutive Vorstandsmitglieder verbunden bleiben. Diese Ernennung markiert den Beginn einer neuen Phase f\u00fcr die <\/span><span class=\"NormalTextRun SpellingErrorV2Themed SCXW112098670 BCX8\">Gpi<\/span><span class=\"NormalTextRun SCXW112098670 BCX8\"> Group, in der weiteres Wachstum und Innovation im Mittelpunkt stehen.<\/span><\/span><span class=\"EOP SCXW112098670 BCX8\" data-ccp-props=\"{}\">\u00a0<\/span><\/p>\t\t\t\t\t\t\t\t<\/div>\n\t\t\t\t<div class=\"elementor-element elementor-element-f0c705e elementor-widget elementor-widget-text-editor\" data-id=\"f0c705e\" data-element_type=\"widget\" data-widget_type=\"text-editor.default\">\n\t\t\t\t\t\t\t\t\t<p><span class=\"TextRun SCXW133959184 BCX8\" lang=\"DE-DE\" xml:lang=\"DE-DE\" data-contrast=\"auto\"><span class=\"NormalTextRun SCXW133959184 BCX8\">Steven <\/span><span class=\"NormalTextRun SpellingErrorV2Themed SCXW133959184 BCX8\">Sijperda<\/span><span class=\"NormalTextRun SCXW133959184 BCX8\"> ist f\u00fcr <\/span><span class=\"NormalTextRun SpellingErrorV2Themed SCXW133959184 BCX8\">Gpi<\/span><span class=\"NormalTextRun SCXW133959184 BCX8\"> kein Unbekannter. 2021 begann er als Manager <\/span><span class=\"NormalTextRun SpellingErrorV2Themed SCXW133959184 BCX8\">of<\/span> <span class=\"NormalTextRun SpellingErrorV2Themed SCXW133959184 BCX8\">Operations<\/span><span class=\"NormalTextRun SCXW133959184 BCX8\"> bei <\/span><span class=\"NormalTextRun SpellingErrorV2Themed SCXW133959184 BCX8\">Gpi<\/span><span class=\"NormalTextRun SCXW133959184 BCX8\"> Tanks, 2022 wurde er zum Managing <\/span><span class=\"NormalTextRun SpellingErrorV2Themed SCXW133959184 BCX8\">Director<\/span><span class=\"NormalTextRun SCXW133959184 BCX8\"> derselben Division ernannt. Unter seiner F\u00fchrung hat <\/span><span class=\"NormalTextRun SpellingErrorV2Themed SCXW133959184 BCX8\">Gpi<\/span><span class=\"NormalTextRun SCXW133959184 BCX8\"> Tanks eine Phase starken Wachstums erfolgreich konsolidiert und die Profitabilit\u00e4t deutlich verbessert. Seit dem 5. November 2024 ist <\/span><span class=\"NormalTextRun SpellingErrorV2Themed SCXW133959184 BCX8\">Arwin<\/span><span class=\"NormalTextRun SCXW133959184 BCX8\"> Roos Managing <\/span><span class=\"NormalTextRun SpellingErrorV2Themed SCXW133959184 BCX8\">Director<\/span><span class=\"NormalTextRun SCXW133959184 BCX8\"> von <\/span><span class=\"NormalTextRun SpellingErrorV2Themed SCXW133959184 BCX8\">Gpi<\/span><span class=\"NormalTextRun SCXW133959184 BCX8\"> Tanks, die Position, die zuvor von Steven bekleidet wurde.<\/span><\/span><span class=\"EOP SCXW133959184 BCX8\" data-ccp-props=\"{}\">\u00a0<\/span><\/p>\t\t\t\t\t\t\t\t<\/div>\n\t\t\t\t<div class=\"elementor-element elementor-element-1816d3e elementor-widget elementor-widget-image\" data-id=\"1816d3e\" data-element_type=\"widget\" data-widget_type=\"image.default\">\n\t\t\t\t\t\t\t\t\t\t\t\t<figure class=\"wp-caption\">\n\t\t\t\t\t\t\t\t\t\t<img fetchpriority=\"high\" decoding=\"async\" width=\"800\" height=\"534\" src=\"https:\/\/gpi-schwarte.com\/wp-content\/uploads\/2025\/09\/Schwarte-arwin.jpg\" class=\"attachment-large size-large wp-image-6254\" alt=\"\" srcset=\"https:\/\/gpi-schwarte.com\/wp-content\/uploads\/2025\/09\/Schwarte-arwin.jpg 1024w, https:\/\/gpi-schwarte.com\/wp-content\/uploads\/2025\/09\/Schwarte-arwin-300x200.jpg 300w, https:\/\/gpi-schwarte.com\/wp-content\/uploads\/2025\/09\/Schwarte-arwin-768x512.jpg 768w\" sizes=\"(max-width: 800px) 100vw, 800px\" \/>\t\t\t\t\t\t\t\t\t\t\t<figcaption class=\"widget-image-caption wp-caption-text\">Arwin Roos, Managing Director Gpi Tanks<\/figcaption>\n\t\t\t\t\t\t\t\t\t\t<\/figure>\n\t\t\t\t\t\t\t\t\t<\/div>\n\t\t\t\t<div class=\"elementor-element elementor-element-f7344b4 elementor-widget elementor-widget-text-editor\" data-id=\"f7344b4\" data-element_type=\"widget\" data-widget_type=\"text-editor.default\">\n\t\t\t\t\t\t\t\t\t<p><span class=\"TextRun SCXW135685932 BCX8\" lang=\"DE-DE\" xml:lang=\"DE-DE\" data-contrast=\"auto\"><span class=\"NormalTextRun SCXW135685932 BCX8\">Steven blickt auf die vergangenen Jahre bei <\/span><span class=\"NormalTextRun SpellingErrorV2Themed SCXW135685932 BCX8\">Gpi<\/span><span class=\"NormalTextRun SCXW135685932 BCX8\"> Tanks zur\u00fcck: &#8218;In den letzten Jahren lag der Fokus bei <\/span><span class=\"NormalTextRun SpellingErrorV2Themed SCXW135685932 BCX8\">Gpi<\/span><span class=\"NormalTextRun SCXW135685932 BCX8\"> Tanks auf der Stabilisierung der Organisation nach einer Phase schnellen Wachstums. Das ist gelungen: Wir haben uns zu einer stabilen Projektorganisation entwickelt, die beeindruckende Projekte f\u00fcr f\u00fchrende Kunden in verschiedenen Branchen realisiert. Gleichzeitig konnten wir unsere Profitabilit\u00e4t signifikant steigern. Auf dieser soliden Basis und den Chancen, die der Markt bietet, k\u00f6nnen wir nun strategisch in unsere Kernprozesse investieren und weiteres Wachstum erzielen.&#8216;<\/span><\/span><span class=\"EOP SCXW135685932 BCX8\" data-ccp-props=\"{}\">\u00a0<\/span><\/p>\n<h3><span class=\"TextRun SCXW149452096 BCX8\" lang=\"DE-DE\" xml:lang=\"DE-DE\" data-contrast=\"auto\"><span class=\"NormalTextRun SCXW149452096 BCX8\">Stabs\u00fcbergabe<\/span><\/span><span class=\"EOP SCXW149452096 BCX8\" data-ccp-props=\"{}\">\u00a0<\/span><\/h3>\n<p><a href=\"https:\/\/gpi-tanks.com\/de\/f-boere-und-a-rodenburg-weiter-als-doppelspitze-gpi-group\/\" target=\"_blank\" rel=\"noopener\">Fred Boere and Arno Rodenburg<\/a>, <span class=\"TextRun SCXW147121089 BCX8\" lang=\"DE-DE\" xml:lang=\"DE-DE\" data-contrast=\"auto\"><span class=\"NormalTextRun SCXW147121089 BCX8\">die die Organisation in den vergangenen Jahren gemeinsam als Co-CEOs geleitet haben, geben ihre operativen Verantwortlichkeiten ab. Beide bleiben dem Unternehmen als nicht-exekutive Vorstandsmitglieder verbunden.<\/span><\/span><span class=\"EOP SCXW147121089 BCX8\" data-ccp-props=\"{}\">\u00a0<\/span><\/p>\t\t\t\t\t\t\t\t<\/div>\n\t\t\t\t<div class=\"elementor-element elementor-element-e147107 elementor-widget elementor-widget-image\" data-id=\"e147107\" data-element_type=\"widget\" data-widget_type=\"image.default\">\n\t\t\t\t\t\t\t\t\t\t\t\t<figure class=\"wp-caption\">\n\t\t\t\t\t\t\t\t\t\t<img decoding=\"async\" width=\"800\" height=\"534\" src=\"https:\/\/gpi-schwarte.com\/wp-content\/uploads\/2025\/09\/Schwarte-fred-arno.jpg\" class=\"attachment-large size-large wp-image-6255\" alt=\"\" srcset=\"https:\/\/gpi-schwarte.com\/wp-content\/uploads\/2025\/09\/Schwarte-fred-arno.jpg 1024w, https:\/\/gpi-schwarte.com\/wp-content\/uploads\/2025\/09\/Schwarte-fred-arno-300x200.jpg 300w, https:\/\/gpi-schwarte.com\/wp-content\/uploads\/2025\/09\/Schwarte-fred-arno-768x512.jpg 768w\" sizes=\"(max-width: 800px) 100vw, 800px\" \/>\t\t\t\t\t\t\t\t\t\t\t<figcaption class=\"widget-image-caption wp-caption-text\">Former co-CEO's Fred Boere &amp; Arno Rodenburg<\/figcaption>\n\t\t\t\t\t\t\t\t\t\t<\/figure>\n\t\t\t\t\t\t\t\t\t<\/div>\n\t\t\t\t<div class=\"elementor-element elementor-element-76f60ef elementor-widget elementor-widget-text-editor\" data-id=\"76f60ef\" data-element_type=\"widget\" data-widget_type=\"text-editor.default\">\n\t\t\t\t\t\t\t\t\t<p><span class=\"TextRun SCXW46393416 BCX8\" lang=\"DE-DE\" xml:lang=\"DE-DE\" data-contrast=\"auto\"><span class=\"NormalTextRun SCXW46393416 BCX8\">Fred kommentiert: &#8218;In den letzten 25 Jahren haben wir mit gro\u00dfer Freude und Hingabe die Organisation aufgebaut, so wie sie heute dasteht. Wir sind unglaublich stolz auf das, was wir gemeinsam erreicht haben. Indem wir den Staffelstab an eine neue Generation von F\u00fchrungskr\u00e4ften \u00fcbergeben, k\u00f6nnen wir den n\u00e4chsten Schritt gehen und in einer anderen Rolle weiterhin zur Weiterentwicklung der Organisation beitragen.&#8216;<\/span><\/span><\/p>\n<p><span class=\"TextRun SCXW41554814 BCX8\" lang=\"DE-DE\" xml:lang=\"DE-DE\" data-contrast=\"auto\"><span class=\"NormalTextRun SCXW41554814 BCX8\">Arno erg\u00e4nzt: &#8218;Mit Stevens Ernennung zum CEO der <\/span><span class=\"NormalTextRun SpellingErrorV2Themed SCXW41554814 BCX8\">Gpi<\/span><span class=\"NormalTextRun SCXW41554814 BCX8\"> Group ist unser neues F\u00fchrungsteam komplett. Steven hat bei <\/span><span class=\"NormalTextRun SpellingErrorV2Themed SCXW41554814 BCX8\">Gpi<\/span><span class=\"NormalTextRun SCXW41554814 BCX8\"> Tanks beeindruckende Ergebnisse erzielt und bewiesen, dass er bereit ist, die gesamte Organisation gemeinsam mit CFO <\/span><span class=\"NormalTextRun SpellingErrorV2Themed SCXW41554814 BCX8\">Tjibbe<\/span> <span class=\"NormalTextRun SpellingErrorV2Themed SCXW41554814 BCX8\">Steenstra<\/span><span class=\"NormalTextRun SCXW41554814 BCX8\">, COO Gerard Blok und CCO Alexander <\/span><span class=\"NormalTextRun SpellingErrorV2Themed SCXW41554814 BCX8\">Kraaijkamp<\/span><span class=\"NormalTextRun SCXW41554814 BCX8\"> zu f\u00fchren. Wir sind \u00fcberzeugt, dass die Organisation in guten H\u00e4nden ist.&#8216;<\/span><\/span><\/p>\n<h3><span class=\"TextRun SCXW102006750 BCX8\" lang=\"DE-DE\" xml:lang=\"DE-DE\" data-contrast=\"auto\"><span class=\"NormalTextRun SCXW102006750 BCX8\">Strategie<\/span><\/span><span class=\"EOP SCXW102006750 BCX8\" data-ccp-props=\"{}\">\u00a0<\/span><\/h3>\n<p><span class=\"TextRun SCXW109934205 BCX8\" lang=\"DE-DE\" xml:lang=\"DE-DE\" data-contrast=\"auto\"><span class=\"NormalTextRun SCXW109934205 BCX8\">Im vergangenen Jahr hat das Management an einem neuen langfristigen Strategieplan f\u00fcr den Zeitraum 2025\u20132029 gearbeitet. Steven betont die Mission der <\/span><span class=\"NormalTextRun SpellingErrorV2Themed SCXW109934205 BCX8\">Gpi<\/span><span class=\"NormalTextRun SCXW109934205 BCX8\"> Group: &#8218;Unsere Ambition ist es, ein World-Class Player <\/span><span class=\"NormalTextRun SpellingErrorV2Themed SCXW109934205 BCX8\">for<\/span><span class=\"NormalTextRun SCXW109934205 BCX8\"> World-Class Players zu werden. Das bezieht sich in erster Linie auf die Qualit\u00e4t, die wir in allem, was wir tun, liefern wollen. Ob es um die Abwicklung eines Projekts oder die Installation eines Tanks geht \u2013 das Streben nach Weltklasse-Standards steht im Mittelpunkt. Wir verf\u00fcgen \u00fcber ein sehr komplettes Produktportfolio und begleiten unsere Kunden durch jeden Schritt des Prozesses \u2013 vom Vertrieb bis zur Installation. Dies ist ein starkes Angebot, das wir in den kommenden Jahren weiter st\u00e4rken und ausbauen werden.&#8216;<\/span><\/span><\/p>\n<p><span class=\"TextRun SCXW109555363 BCX8\" lang=\"DE-DE\" xml:lang=\"DE-DE\" data-contrast=\"auto\"><span class=\"NormalTextRun SCXW109555363 BCX8\">Steven weiter: &#8218;Im Rahmen unserer Strategie werden wir in den kommenden Jahren systematisch in unsere Kernprozesse investieren. Auch wenn wir eine Projektorganisation sind, liegt unser Kern in der Produktion. Um unsere langfristige Position zu st\u00e4rken, werden wir 2025 mit dem Ausbau unserer Produktionskapazit\u00e4ten beginnen und in innovative Technologien wie Robotik und weitere Automatisierung investieren.&#8216;<\/span><\/span><\/p>\n<h3><span class=\"TextRun SCXW237160994 BCX8\" lang=\"DE-DE\" xml:lang=\"DE-DE\" data-contrast=\"auto\"><span class=\"NormalTextRun SCXW237160994 BCX8\">Neuer B\u00fcrostandort in <\/span><span class=\"NormalTextRun SpellingErrorV2Themed SCXW237160994 BCX8\">Woerden<\/span><\/span><span class=\"EOP SCXW237160994 BCX8\" data-ccp-props=\"{}\">\u00a0<\/span><\/h3>\n<p><span class=\"TextRun SCXW12241935 BCX8\" lang=\"DE-DE\" xml:lang=\"DE-DE\" data-contrast=\"auto\"><span class=\"NormalTextRun SCXW12241935 BCX8\">Ein weiterer Meilenstein ist der Umzug aller unterst\u00fctzenden Dienste und der Gesch\u00e4ftsf\u00fchrung der <\/span><span class=\"NormalTextRun SpellingErrorV2Themed SCXW12241935 BCX8\">Gpi<\/span><span class=\"NormalTextRun SCXW12241935 BCX8\"> Group an einen neuen B\u00fcrostandort in <\/span><span class=\"NormalTextRun SpellingErrorV2Themed SCXW12241935 BCX8\">Woerden<\/span><span class=\"NormalTextRun SCXW12241935 BCX8\">, der ab dem 6. Januar 2025 bezogen wird. Steven erkl\u00e4rt: &#8218;Von diesem neuen Standort, der zentral zwischen unseren Werken liegt, werden wir die Aktivit\u00e4ten unserer sechs Tochtergesellschaften koordinieren und eine starke Grundlage f\u00fcr zuk\u00fcnftiges Wachstum schaffen. Dar\u00fcber hinaus gibt dieser Umzug den Tochtergesellschaften Raum f\u00fcr weiteres Wachstum.&#8216;<\/span><\/span><span class=\"EOP SCXW12241935 BCX8\" data-ccp-props=\"{}\">\u00a0<\/span><\/p>\t\t\t\t\t\t\t\t<\/div>\n\t\t\t\t\t<\/div>\n\t\t\t\t<\/div>\n\t\t\t\t<\/div>\n\t\t","protected":false},"excerpt":"Mit Wirkung zum 1. Januar 2025 wurde Steven Sijperda zum neuen CEO...","author":3,"featured_media":6256,"comment_status":"open","ping_status":"open","sticky":false,"template":"","format":"standard","meta":{"_acf_changed":false,"footnotes":""},"categories":[20],"tags":[],"class_list":["post-6258","post","type-post","status-publish","format-standard","has-post-thumbnail","hentry","category-news"],"acf":[],"category_name":"News","featured_image_url":"https:\/\/gpi-schwarte.com\/wp-content\/uploads\/2025\/09\/Schwarte-steven.jpg","read_more":"Read more","_links":{"self":[{"href":"https:\/\/gpi-schwarte.com\/de\/wp-json\/wp\/v2\/posts\/6258","targetHints":{"allow":["GET"]}}],"collection":[{"href":"https:\/\/gpi-schwarte.com\/de\/wp-json\/wp\/v2\/posts"}],"about":[{"href":"https:\/\/gpi-schwarte.com\/de\/wp-json\/wp\/v2\/types\/post"}],"author":[{"embeddable":true,"href":"https:\/\/gpi-schwarte.com\/de\/wp-json\/wp\/v2\/users\/3"}],"replies":[{"embeddable":true,"href":"https:\/\/gpi-schwarte.com\/de\/wp-json\/wp\/v2\/comments?post=6258"}],"version-history":[{"count":5,"href":"https:\/\/gpi-schwarte.com\/de\/wp-json\/wp\/v2\/posts\/6258\/revisions"}],"predecessor-version":[{"id":6264,"href":"https:\/\/gpi-schwarte.com\/de\/wp-json\/wp\/v2\/posts\/6258\/revisions\/6264"}],"wp:featuredmedia":[{"embeddable":true,"href":"https:\/\/gpi-schwarte.com\/de\/wp-json\/wp\/v2\/media\/6256"}],"wp:attachment":[{"href":"https:\/\/gpi-schwarte.com\/de\/wp-json\/wp\/v2\/media?parent=6258"}],"wp:term":[{"taxonomy":"category","embeddable":true,"href":"https:\/\/gpi-schwarte.com\/de\/wp-json\/wp\/v2\/categories?post=6258"},{"taxonomy":"post_tag","embeddable":true,"href":"https:\/\/gpi-schwarte.com\/de\/wp-json\/wp\/v2\/tags?post=6258"}],"curies":[{"name":"wp","href":"https:\/\/api.w.org\/{rel}","templated":true}]}}