{"id":6646,"date":"2025-09-21T08:10:07","date_gmt":"2025-09-21T08:10:07","guid":{"rendered":"https:\/\/gpi-schwarte.com\/gpi-group-appoints-new-coo-and-cfo\/"},"modified":"2025-10-08T13:46:38","modified_gmt":"2025-10-08T13:46:38","slug":"gpi-group-mianuje-nowego-coo-oraz-cfo","status":"publish","type":"post","link":"https:\/\/gpi-schwarte.com\/pl\/news\/gpi-group-mianuje-nowego-coo-oraz-cfo\/","title":{"rendered":"Gpi Group mianuje nowego COO oraz CFO"},"content":{"rendered":"\t\t<div data-elementor-type=\"wp-post\" data-elementor-id=\"6646\" class=\"elementor elementor-6646\" data-elementor-post-type=\"post\">\n\t\t\t\t<div class=\"elementor-element elementor-element-77686d74 e-flex e-con-boxed e-con e-parent\" data-id=\"77686d74\" data-element_type=\"container\">\n\t\t\t\t\t<div class=\"e-con-inner\">\n\t\t\t\t<div class=\"elementor-element elementor-element-479d2e30 elementor-widget elementor-widget-text-editor\" data-id=\"479d2e30\" data-element_type=\"widget\" data-widget_type=\"text-editor.default\">\n\t\t\t\t\t\t\t\t\t<p><strong>Gerard Blok zosta\u0142 mianowany Dyrektorem Operacyjnym (COO), natomiast Tjibbe Steenstra obj\u0105\u0142 stanowisko Dyrektora Finansowego (CFO) Grupy Gpi. Celem tych nominacji jest dalsza optymalizacja wymiany wiedzy oraz wzmocnienie wsp\u00f3\u0142pracy pomi\u0119dzy poszczeg\u00f3lnymi sp\u00f3\u0142kami wchodz\u0105cymi w sk\u0142ad grupy. Gerard i Tjibbe zasil\u0105 zesp\u00f3\u0142 zarz\u0105dzaj\u0105cy Gpi Group, kierowany przez wsp\u00f3\u0142prezes\u00f3w (Co-CEO) Freda Boere i Arno Rodenburga.<\/strong><\/p>\t\t\t\t\t\t\t\t<\/div>\n\t\t\t\t<div class=\"elementor-element elementor-element-cb5e88d elementor-widget elementor-widget-text-editor\" data-id=\"cb5e88d\" data-element_type=\"widget\" data-widget_type=\"text-editor.default\">\n\t\t\t\t\t\t\t\t\t<p data-start=\"411\" data-end=\"1031\">Gerard Blok jest dobrze znany w organizacji. Od 2011 roku zajmowa\u0142 w Gpi r\u00f3\u017cne stanowiska, m.in. dyrektora zarz\u0105dzaj\u0105cego Gpi De Gouwe, dyrektora handlowego Gpi Group oraz dyrektora zarz\u0105dzaj\u0105cego Gpi Tanks XL. Wsp\u00f3\u0142prezes Arno Rodenburg komentuje t\u0119 nominacj\u0119: \u201eDzi\u0119ki do\u015bwiadczeniu zdobytemu na r\u00f3\u017cnych stanowiskach i w r\u00f3\u017cnych sp\u00f3\u0142kach operacyjnych, Gerard jako COO b\u0119dzie w stanie skutecznie realizowa\u0107 nadrz\u0119dne cele operacyjne Gpi Group.\u201d W nowej roli Gerard skupi si\u0119 na optymalizacji struktury i procedur w sp\u00f3\u0142kach grupy oraz na usprawnianiu wsp\u00f3\u0142pracy pomi\u0119dzy nimi w ramach wsp\u00f3lnych projekt\u00f3w dla klient\u00f3w.<\/p>\n<p data-start=\"1033\" data-end=\"1756\" data-is-last-node=\"\" data-is-only-node=\"\"><strong data-start=\"1033\" data-end=\"1057\">CFO Tjibbe Steenstra<\/strong><br data-start=\"1057\" data-end=\"1060\" \/>Tjibbe Steenstra do\u0142\u0105czy\u0142 do Gpi we wrze\u015bniu 2021 roku. Rozpocz\u0105\u0142 prac\u0119 jako asystent zarz\u0105du, a w kr\u00f3tkim czasie awansowa\u0142 na stanowisko business controllera. Od wrze\u015bnia 2022 roku odpowiada za dzia\u0142 finans\u00f3w jako Manager Finance &amp; Control w Gpi Group. Wraz z do\u0142\u0105czeniem do zespo\u0142u zarz\u0105dzaj\u0105cego grupy jego rola zosta\u0142a przekszta\u0142cona w stanowisko CFO. Wsp\u00f3\u0142prezes Fred Boere komentuje nominacj\u0119 Tjibbe: \u201eW kr\u00f3tkim czasie pracy w Gpi Tjibbe udowodni\u0142, \u017ce posiada doskona\u0142\u0105 wiedz\u0119 z zakresu finans\u00f3w, wewn\u0119trznych proces\u00f3w biznesowych oraz rynku, na kt\u00f3rym dzia\u0142a Gpi. W po\u0142\u0105czeniu z jego wykszta\u0142ceniem i kompetencjami, pozwoli nam to dalej profesjonalizowa\u0107 obszar finansowy ca\u0142ej Gpi Group.\u201d<\/p>\t\t\t\t\t\t\t\t<\/div>\n\t\t\t\t\t<\/div>\n\t\t\t\t<\/div>\n\t\t\t\t<\/div>\n\t\t","protected":false},"excerpt":"Gerard Blok zosta\u0142 mianowany Dyrektorem Operacyjnym (COO), natomiast Tjibbe Steenstra obj\u0105\u0142 stanowisko...","author":3,"featured_media":6288,"comment_status":"open","ping_status":"open","sticky":false,"template":"","format":"standard","meta":{"_acf_changed":false,"footnotes":""},"categories":[20],"tags":[],"class_list":["post-6646","post","type-post","status-publish","format-standard","has-post-thumbnail","hentry","category-news"],"acf":[],"category_name":"News","featured_image_url":"https:\/\/gpi-schwarte.com\/wp-content\/uploads\/2025\/09\/20181219-Gpi-Lopik-27375.jpg","read_more":"Read more","_links":{"self":[{"href":"https:\/\/gpi-schwarte.com\/pl\/wp-json\/wp\/v2\/posts\/6646","targetHints":{"allow":["GET"]}}],"collection":[{"href":"https:\/\/gpi-schwarte.com\/pl\/wp-json\/wp\/v2\/posts"}],"about":[{"href":"https:\/\/gpi-schwarte.com\/pl\/wp-json\/wp\/v2\/types\/post"}],"author":[{"embeddable":true,"href":"https:\/\/gpi-schwarte.com\/pl\/wp-json\/wp\/v2\/users\/3"}],"replies":[{"embeddable":true,"href":"https:\/\/gpi-schwarte.com\/pl\/wp-json\/wp\/v2\/comments?post=6646"}],"version-history":[{"count":5,"href":"https:\/\/gpi-schwarte.com\/pl\/wp-json\/wp\/v2\/posts\/6646\/revisions"}],"predecessor-version":[{"id":6670,"href":"https:\/\/gpi-schwarte.com\/pl\/wp-json\/wp\/v2\/posts\/6646\/revisions\/6670"}],"wp:featuredmedia":[{"embeddable":true,"href":"https:\/\/gpi-schwarte.com\/pl\/wp-json\/wp\/v2\/media\/6288"}],"wp:attachment":[{"href":"https:\/\/gpi-schwarte.com\/pl\/wp-json\/wp\/v2\/media?parent=6646"}],"wp:term":[{"taxonomy":"category","embeddable":true,"href":"https:\/\/gpi-schwarte.com\/pl\/wp-json\/wp\/v2\/categories?post=6646"},{"taxonomy":"post_tag","embeddable":true,"href":"https:\/\/gpi-schwarte.com\/pl\/wp-json\/wp\/v2\/tags?post=6646"}],"curies":[{"name":"wp","href":"https:\/\/api.w.org\/{rel}","templated":true}]}}